{"id":9121,"date":"2022-10-03T14:56:58","date_gmt":"2022-10-03T14:56:58","guid":{"rendered":"https:\/\/trimaransvrlazartigue.com\/?p=9121"},"modified":"2022-10-04T11:12:56","modified_gmt":"2022-10-04T11:12:56","slug":"record-de-la-mediterranee-pour-le-trimaran-svr-lazartigue-et-francois-gabart","status":"publish","type":"post","link":"https:\/\/trimaransvrlazartigue.com\/en\/record-de-la-mediterranee-pour-le-trimaran-svr-lazartigue-et-francois-gabart\/","title":{"rendered":"RECORD\u00a0DE LA M\u00c9DITERRAN\u00c9E POUR LE TRIMARAN SVR LAZARTIGUE ET\u00a0FRAN\u00c7OIS GABART"},"content":{"rendered":"<figure class=\"wp-block-table\"><table><tbody><tr><td><strong>En 13h55\u201937\u2019\u2019 (*), le Trimaran SVR-Lazartigue, men\u00e9 par Fran\u00e7ois Gabart, a battu dimanche le&nbsp;record&nbsp;de travers\u00e9e de la M\u00e9diterran\u00e9e en \u00e9quipage d\u00e9tenu depuis 12 ans par Pascal Bid\u00e9gorry, \u00e9galement \u00e0 bord au c\u00f4t\u00e9 du skipper. Un premier&nbsp;record&nbsp;pour ce bateau qui n\u2019a pas encore f\u00eat\u00e9 son premier anniversaire (mise \u00e0 l\u2019eau en juillet dernier) mais qui confirme tout le potentiel entrevu depuis plusieurs mois avec notamment la deuxi\u00e8me place, en novembre dernier, lors de la Transat Jacques-Vabre, sa premi\u00e8re comp\u00e9tition.&nbsp;<\/strong><\/td><\/tr><tr><td>Naviguer c\u2019est \u00eatre \u00e0 l\u2019aff\u00fbt de toutes les opportunit\u00e9s, et s\u2019avoir s\u2019engouffrer dans la moindre fen\u00eatre m\u00e9t\u00e9o. A bord du Trimaran SVR-Lazartigue, Fran\u00e7ois Gabart, accompagn\u00e9 de quatre membres d\u2019\u00e9quipage (Pascal Bid\u00e9gorry, Antoine Gautier et \u00c9milien Lavigne, directeur et ing\u00e9nieur de son bureau d\u2019\u00e9tudes, Guillaume Gatefait, m\u00e9diaman) l\u2019a une fois encore parfaitement d\u00e9montr\u00e9 en s\u2019offrant dans la nuit de samedi \u00e0 dimanche le\u00a0record\u00a0de la M\u00e9diterran\u00e9e entre l\u2019ancien s\u00e9maphore de Frioul au large de Marseille et le phare de Sidi Bou Sa\u00efd \u00e0 Carthage, \u00e0 l\u2019entr\u00e9e de la baie de Tunis (455 miles th\u00e9oriques). En 13h55\u201937\u2019\u2019 (moyenne de 33,7 n\u0153uds\/heure soit environ 62,5 km\/h), il efface des tablettes la pr\u00e9c\u00e9dente marque d\u00e9tenue depuis mai 2010 par Pascal Bidegorry et ses 11 co\u00e9quipiers \u00e0 bord de Banque Populaire V.Rien n\u2019avait pourtant \u00e9t\u00e9 pr\u00e9m\u00e9dit\u00e9. <br><br>Le Trimaran SVR-Lazartigue \u00e9tait en effet au c\u0153ur d\u2019une tourn\u00e9e m\u00e9diterran\u00e9enne \u00e0 destination des diff\u00e9rents collaborateurs du groupe KRESK. \u00ab\u00a0<em>Nous devons \u00eatre \u00e0 Tunis ce dimanche et il se trouve qu\u2019un \u00e9pisode de mistral se pr\u00e9sente<\/em>, expliquait Gabart, 39 ans, juste avant de prendre le d\u00e9part.<em>\u00a0En regardant les donn\u00e9es on pense qu\u2019on est capable de traverser dans des temps plut\u00f4t corrects, m\u00eame jouer le\u00a0record. Alors pourquoi ne pas tenter. Dans tous les cas on doit aller \u00e0 Tunis, c\u2019est pr\u00e9vu dans le programme, on va donc essayer d\u2019y aller de la plus jolie des fa\u00e7ons c\u2019est \u00e0 dire en poussant le bateau au maximum.<\/em>\u00a0\u00bb\u00a0<br><br>Samedi, \u00e0 15h49\u201933\u2019\u2019 TU (17h49\u201933\u2019\u2019, heure locale), le bateau-volant coupait la ligne de d\u00e9part de la travers\u00e9e. Une nuit \u00e0 profiter des conditions m\u00e9t\u00e9orologiques et ce dimanche, un peu avant 5h4510\u2019\u2019 TU, les cinq marins franchissaient la ligne d\u2019arriv\u00e9e.\u00a0<em>\u00ab\u00a0Je suis content et fier de ce joli premier\u00a0record\u00a0avec le trimaran<\/em>, se r\u00e9jouit le skipper.\u00a0<em>D\u2019autant plus que ce n\u2019\u00e9tait pas pr\u00e9vu. Il fallait saisir l\u2019opportunit\u00e9 avec cette belle fen\u00eatre. Ce n\u2019\u00e9tait pas si \u00e9vident car le bateau \u00e9tait encore en configuration \u00ab\u00a0relations publiques\u00a0\u00bb \u00e0 G\u00eanes deux jours avant et qu\u2019il le sera d\u2019ailleurs \u00e0 nouveau ce dimanche, \u00e0 Tunis. Je suis content d\u2019avoir eu l\u2019audace de tenter \u00e7a. On a tourn\u00e9 \u00e0 trois \u00e0 la barre avec Pascal, Antoine et moi, alors que Guillaume et Emilien \u00e9taient surtout aux r\u00e9glages. On est quand m\u00eame en navigation c\u00f4ti\u00e8re ce qui est rare pour nos bateaux avec en plus, en M\u00e9diterran\u00e9e, des effets c\u00f4tiers qui peuvent \u00eatre assez forts. Une heure avant notre d\u00e9part, il y avait 40 n\u0153uds de vent. Ce\u00a0record\u00a0est tr\u00e8s court et rapide. Il ne faut pas se louper avec une mauvaise voile ou une man\u0153uvre en trop. Ce n\u2019est pas simple de partir \u00e0 fond la caisse tout de suite dans du vent fort, on n\u2019a pas de transition. Il y a pas mal de choses \u00e0 g\u00e9rer, ce n\u2019est pas un\u00a0record\u00a0simple m\u00eame s\u2019il est largement am\u00e9liorable avec nos bateaux. On peut toujours faire mieux mais pour une premi\u00e8re on a bien navigu\u00e9. J\u2019esp\u00e8re qu\u2019il marque le d\u00e9but d\u2019une grande lign\u00e9e.\u00a0\u00bb<\/em> -Fran\u00e7ois Gabart pour l&rsquo;Agence Ligne Bleue<\/td><\/tr><\/tbody><\/table><\/figure>","protected":false},"excerpt":{"rendered":"<p>En 13h55\u201937\u2019\u2019 (*), le Trimaran SVR-Lazartigue, men\u00e9 par Fran\u00e7ois Gabart, a battu dimanche le&nbsp;record&nbsp;de travers\u00e9e de la M\u00e9diterran\u00e9e en \u00e9quipage d\u00e9tenu depuis 12 ans par Pascal Bid\u00e9gorry, \u00e9galement \u00e0 bord au c\u00f4t\u00e9 du skipper. Un premier&nbsp;record&nbsp;pour ce bateau qui n\u2019a pas encore f\u00eat\u00e9 son premier anniversaire (mise \u00e0 l\u2019eau en juillet dernier) mais qui confirme [&hellip;]<\/p>\n","protected":false},"author":30,"featured_media":9122,"comment_status":"open","ping_status":"open","sticky":false,"template":"","format":"standard","meta":{"_acf_changed":false,"inline_featured_image":false,"footnotes":""},"categories":[1],"tags":[],"class_list":["post-9121","post","type-post","status-publish","format-standard","has-post-thumbnail","hentry","category-uncategorized"],"acf":[],"yoast_head":"<!-- This site is optimized with the Yoast SEO plugin v27.5 - https:\/\/yoast.com\/product\/yoast-seo-wordpress\/ -->\n<title>RECORD\u00a0DE LA M\u00c9DITERRAN\u00c9E POUR LE TRIMARAN SVR LAZARTIGUE ET\u00a0FRAN\u00c7OIS GABART - Trimaran SVR Lazartigue<\/title>\n<meta name=\"robots\" content=\"index, follow, max-snippet:-1, max-image-preview:large, max-video-preview:-1\" \/>\n<link rel=\"canonical\" href=\"https:\/\/trimaransvrlazartigue.com\/en\/record-de-la-mediterranee-pour-le-trimaran-svr-lazartigue-et-francois-gabart\/\" \/>\n<meta property=\"og:locale\" content=\"en_US\" \/>\n<meta property=\"og:type\" content=\"article\" \/>\n<meta property=\"og:title\" content=\"RECORD\u00a0DE LA M\u00c9DITERRAN\u00c9E POUR LE TRIMARAN SVR LAZARTIGUE ET\u00a0FRAN\u00c7OIS GABART - Trimaran SVR Lazartigue\" \/>\n<meta property=\"og:description\" content=\"En 13h55\u201937\u2019\u2019 (*), le Trimaran SVR-Lazartigue, men\u00e9 par Fran\u00e7ois Gabart, a battu dimanche le&nbsp;record&nbsp;de travers\u00e9e de la M\u00e9diterran\u00e9e en \u00e9quipage d\u00e9tenu depuis 12 ans par Pascal Bid\u00e9gorry, \u00e9galement \u00e0 bord au c\u00f4t\u00e9 du skipper. Un premier&nbsp;record&nbsp;pour ce bateau qui n\u2019a pas encore f\u00eat\u00e9 son premier anniversaire (mise \u00e0 l\u2019eau en juillet dernier) mais qui confirme [&hellip;]\" \/>\n<meta property=\"og:url\" content=\"https:\/\/trimaransvrlazartigue.com\/en\/record-de-la-mediterranee-pour-le-trimaran-svr-lazartigue-et-francois-gabart\/\" \/>\n<meta property=\"og:site_name\" content=\"Trimaran SVR Lazartigue\" \/>\n<meta property=\"article:published_time\" content=\"2022-10-03T14:56:58+00:00\" \/>\n<meta property=\"article:modified_time\" content=\"2022-10-04T11:12:56+00:00\" \/>\n<meta property=\"og:image\" content=\"https:\/\/trimaransvrlazartigue.com\/wp-content\/uploads\/2022\/10\/record.jpeg\" \/>\n\t<meta property=\"og:image:width\" content=\"1024\" \/>\n\t<meta property=\"og:image:height\" content=\"576\" \/>\n\t<meta property=\"og:image:type\" content=\"image\/jpeg\" \/>\n<meta name=\"author\" content=\"Hovington Mylene\" \/>\n<meta name=\"twitter:card\" content=\"summary_large_image\" \/>\n<meta name=\"twitter:label1\" content=\"Written by\" \/>\n\t<meta name=\"twitter:data1\" content=\"Hovington Mylene\" \/>\n\t<meta name=\"twitter:label2\" content=\"Est. reading time\" \/>\n\t<meta name=\"twitter:data2\" content=\"3 minutes\" \/>\n<script type=\"application\/ld+json\" class=\"yoast-schema-graph\">{\"@context\":\"https:\\\/\\\/schema.org\",\"@graph\":[{\"@type\":\"Article\",\"@id\":\"https:\\\/\\\/trimaransvrlazartigue.com\\\/record-de-la-mediterranee-pour-le-trimaran-svr-lazartigue-et-francois-gabart\\\/#article\",\"isPartOf\":{\"@id\":\"https:\\\/\\\/trimaransvrlazartigue.com\\\/record-de-la-mediterranee-pour-le-trimaran-svr-lazartigue-et-francois-gabart\\\/\"},\"author\":{\"name\":\"Hovington Mylene\",\"@id\":\"https:\\\/\\\/trimaransvrlazartigue.com\\\/#\\\/schema\\\/person\\\/e4e378d151245f15357f0335dbef8ed2\"},\"headline\":\"RECORD\u00a0DE LA M\u00c9DITERRAN\u00c9E POUR LE TRIMARAN SVR LAZARTIGUE ET\u00a0FRAN\u00c7OIS GABART\",\"datePublished\":\"2022-10-03T14:56:58+00:00\",\"dateModified\":\"2022-10-04T11:12:56+00:00\",\"mainEntityOfPage\":{\"@id\":\"https:\\\/\\\/trimaransvrlazartigue.com\\\/record-de-la-mediterranee-pour-le-trimaran-svr-lazartigue-et-francois-gabart\\\/\"},\"wordCount\":689,\"commentCount\":0,\"publisher\":{\"@id\":\"https:\\\/\\\/trimaransvrlazartigue.com\\\/#organization\"},\"image\":{\"@id\":\"https:\\\/\\\/trimaransvrlazartigue.com\\\/record-de-la-mediterranee-pour-le-trimaran-svr-lazartigue-et-francois-gabart\\\/#primaryimage\"},\"thumbnailUrl\":\"https:\\\/\\\/trimaransvrlazartigue.com\\\/wp-content\\\/uploads\\\/2022\\\/10\\\/record.jpeg\",\"inLanguage\":\"en-US\",\"potentialAction\":[{\"@type\":\"CommentAction\",\"name\":\"Comment\",\"target\":[\"https:\\\/\\\/trimaransvrlazartigue.com\\\/record-de-la-mediterranee-pour-le-trimaran-svr-lazartigue-et-francois-gabart\\\/#respond\"]}]},{\"@type\":\"WebPage\",\"@id\":\"https:\\\/\\\/trimaransvrlazartigue.com\\\/record-de-la-mediterranee-pour-le-trimaran-svr-lazartigue-et-francois-gabart\\\/\",\"url\":\"https:\\\/\\\/trimaransvrlazartigue.com\\\/record-de-la-mediterranee-pour-le-trimaran-svr-lazartigue-et-francois-gabart\\\/\",\"name\":\"RECORD\u00a0DE LA M\u00c9DITERRAN\u00c9E POUR LE TRIMARAN SVR LAZARTIGUE ET\u00a0FRAN\u00c7OIS GABART - Trimaran SVR Lazartigue\",\"isPartOf\":{\"@id\":\"https:\\\/\\\/trimaransvrlazartigue.com\\\/#website\"},\"primaryImageOfPage\":{\"@id\":\"https:\\\/\\\/trimaransvrlazartigue.com\\\/record-de-la-mediterranee-pour-le-trimaran-svr-lazartigue-et-francois-gabart\\\/#primaryimage\"},\"image\":{\"@id\":\"https:\\\/\\\/trimaransvrlazartigue.com\\\/record-de-la-mediterranee-pour-le-trimaran-svr-lazartigue-et-francois-gabart\\\/#primaryimage\"},\"thumbnailUrl\":\"https:\\\/\\\/trimaransvrlazartigue.com\\\/wp-content\\\/uploads\\\/2022\\\/10\\\/record.jpeg\",\"datePublished\":\"2022-10-03T14:56:58+00:00\",\"dateModified\":\"2022-10-04T11:12:56+00:00\",\"breadcrumb\":{\"@id\":\"https:\\\/\\\/trimaransvrlazartigue.com\\\/record-de-la-mediterranee-pour-le-trimaran-svr-lazartigue-et-francois-gabart\\\/#breadcrumb\"},\"inLanguage\":\"en-US\",\"potentialAction\":[{\"@type\":\"ReadAction\",\"target\":[\"https:\\\/\\\/trimaransvrlazartigue.com\\\/record-de-la-mediterranee-pour-le-trimaran-svr-lazartigue-et-francois-gabart\\\/\"]}]},{\"@type\":\"ImageObject\",\"inLanguage\":\"en-US\",\"@id\":\"https:\\\/\\\/trimaransvrlazartigue.com\\\/record-de-la-mediterranee-pour-le-trimaran-svr-lazartigue-et-francois-gabart\\\/#primaryimage\",\"url\":\"https:\\\/\\\/trimaransvrlazartigue.com\\\/wp-content\\\/uploads\\\/2022\\\/10\\\/record.jpeg\",\"contentUrl\":\"https:\\\/\\\/trimaransvrlazartigue.com\\\/wp-content\\\/uploads\\\/2022\\\/10\\\/record.jpeg\",\"width\":1024,\"height\":576},{\"@type\":\"BreadcrumbList\",\"@id\":\"https:\\\/\\\/trimaransvrlazartigue.com\\\/record-de-la-mediterranee-pour-le-trimaran-svr-lazartigue-et-francois-gabart\\\/#breadcrumb\",\"itemListElement\":[{\"@type\":\"ListItem\",\"position\":1,\"name\":\"Accueil\",\"item\":\"https:\\\/\\\/trimaransvrlazartigue.com\\\/\"},{\"@type\":\"ListItem\",\"position\":2,\"name\":\"RECORD\u00a0DE LA M\u00c9DITERRAN\u00c9E POUR LE TRIMARAN SVR LAZARTIGUE ET\u00a0FRAN\u00c7OIS GABART\"}]},{\"@type\":\"WebSite\",\"@id\":\"https:\\\/\\\/trimaransvrlazartigue.com\\\/#website\",\"url\":\"https:\\\/\\\/trimaransvrlazartigue.com\\\/\",\"name\":\"Trimaran SVR Lazartigue\",\"description\":\"D\u00e9couvrez le site du Trimaran du groupe Kresk.\",\"publisher\":{\"@id\":\"https:\\\/\\\/trimaransvrlazartigue.com\\\/#organization\"},\"potentialAction\":[{\"@type\":\"SearchAction\",\"target\":{\"@type\":\"EntryPoint\",\"urlTemplate\":\"https:\\\/\\\/trimaransvrlazartigue.com\\\/?s={search_term_string}\"},\"query-input\":{\"@type\":\"PropertyValueSpecification\",\"valueRequired\":true,\"valueName\":\"search_term_string\"}}],\"inLanguage\":\"en-US\"},{\"@type\":\"Organization\",\"@id\":\"https:\\\/\\\/trimaransvrlazartigue.com\\\/#organization\",\"name\":\"Trimaran SVR Lazartigue\",\"url\":\"https:\\\/\\\/trimaransvrlazartigue.com\\\/\",\"logo\":{\"@type\":\"ImageObject\",\"inLanguage\":\"en-US\",\"@id\":\"https:\\\/\\\/trimaransvrlazartigue.com\\\/#\\\/schema\\\/logo\\\/image\\\/\",\"url\":\"https:\\\/\\\/trimaransvrlazartigue.com\\\/wp-content\\\/uploads\\\/2021\\\/10\\\/Logo-2-Trimaran-SVR-Lazartigue-blanc.svg\",\"contentUrl\":\"https:\\\/\\\/trimaransvrlazartigue.com\\\/wp-content\\\/uploads\\\/2021\\\/10\\\/Logo-2-Trimaran-SVR-Lazartigue-blanc.svg\",\"width\":120,\"height\":62,\"caption\":\"Trimaran SVR Lazartigue\"},\"image\":{\"@id\":\"https:\\\/\\\/trimaransvrlazartigue.com\\\/#\\\/schema\\\/logo\\\/image\\\/\"}},{\"@type\":\"Person\",\"@id\":\"https:\\\/\\\/trimaransvrlazartigue.com\\\/#\\\/schema\\\/person\\\/e4e378d151245f15357f0335dbef8ed2\",\"name\":\"Hovington Mylene\",\"image\":{\"@type\":\"ImageObject\",\"inLanguage\":\"en-US\",\"@id\":\"https:\\\/\\\/secure.gravatar.com\\\/avatar\\\/849c69b921dbaa8d645f4acbacf5de305a18d855a3ae2b75c8b973c47dbb8de3?s=96&d=mm&r=g\",\"url\":\"https:\\\/\\\/secure.gravatar.com\\\/avatar\\\/849c69b921dbaa8d645f4acbacf5de305a18d855a3ae2b75c8b973c47dbb8de3?s=96&d=mm&r=g\",\"contentUrl\":\"https:\\\/\\\/secure.gravatar.com\\\/avatar\\\/849c69b921dbaa8d645f4acbacf5de305a18d855a3ae2b75c8b973c47dbb8de3?s=96&d=mm&r=g\",\"caption\":\"Hovington Mylene\"},\"url\":\"https:\\\/\\\/trimaransvrlazartigue.com\\\/en\\\/author\\\/mylenehovingtonmerconcept-com\\\/\"}]}<\/script>\n<!-- \/ Yoast SEO plugin. -->","yoast_head_json":{"title":"RECORD\u00a0DE LA M\u00c9DITERRAN\u00c9E POUR LE TRIMARAN SVR LAZARTIGUE ET\u00a0FRAN\u00c7OIS GABART - Trimaran SVR Lazartigue","robots":{"index":"index","follow":"follow","max-snippet":"max-snippet:-1","max-image-preview":"max-image-preview:large","max-video-preview":"max-video-preview:-1"},"canonical":"https:\/\/trimaransvrlazartigue.com\/en\/record-de-la-mediterranee-pour-le-trimaran-svr-lazartigue-et-francois-gabart\/","og_locale":"en_US","og_type":"article","og_title":"RECORD\u00a0DE LA M\u00c9DITERRAN\u00c9E POUR LE TRIMARAN SVR LAZARTIGUE ET\u00a0FRAN\u00c7OIS GABART - Trimaran SVR Lazartigue","og_description":"En 13h55\u201937\u2019\u2019 (*), le Trimaran SVR-Lazartigue, men\u00e9 par Fran\u00e7ois Gabart, a battu dimanche le&nbsp;record&nbsp;de travers\u00e9e de la M\u00e9diterran\u00e9e en \u00e9quipage d\u00e9tenu depuis 12 ans par Pascal Bid\u00e9gorry, \u00e9galement \u00e0 bord au c\u00f4t\u00e9 du skipper. Un premier&nbsp;record&nbsp;pour ce bateau qui n\u2019a pas encore f\u00eat\u00e9 son premier anniversaire (mise \u00e0 l\u2019eau en juillet dernier) mais qui confirme [&hellip;]","og_url":"https:\/\/trimaransvrlazartigue.com\/en\/record-de-la-mediterranee-pour-le-trimaran-svr-lazartigue-et-francois-gabart\/","og_site_name":"Trimaran SVR Lazartigue","article_published_time":"2022-10-03T14:56:58+00:00","article_modified_time":"2022-10-04T11:12:56+00:00","og_image":[{"width":1024,"height":576,"url":"https:\/\/trimaransvrlazartigue.com\/wp-content\/uploads\/2022\/10\/record.jpeg","type":"image\/jpeg"}],"author":"Hovington Mylene","twitter_card":"summary_large_image","twitter_misc":{"Written by":"Hovington Mylene","Est. reading time":"3 minutes"},"schema":{"@context":"https:\/\/schema.org","@graph":[{"@type":"Article","@id":"https:\/\/trimaransvrlazartigue.com\/record-de-la-mediterranee-pour-le-trimaran-svr-lazartigue-et-francois-gabart\/#article","isPartOf":{"@id":"https:\/\/trimaransvrlazartigue.com\/record-de-la-mediterranee-pour-le-trimaran-svr-lazartigue-et-francois-gabart\/"},"author":{"name":"Hovington Mylene","@id":"https:\/\/trimaransvrlazartigue.com\/#\/schema\/person\/e4e378d151245f15357f0335dbef8ed2"},"headline":"RECORD\u00a0DE LA M\u00c9DITERRAN\u00c9E POUR LE TRIMARAN SVR LAZARTIGUE ET\u00a0FRAN\u00c7OIS GABART","datePublished":"2022-10-03T14:56:58+00:00","dateModified":"2022-10-04T11:12:56+00:00","mainEntityOfPage":{"@id":"https:\/\/trimaransvrlazartigue.com\/record-de-la-mediterranee-pour-le-trimaran-svr-lazartigue-et-francois-gabart\/"},"wordCount":689,"commentCount":0,"publisher":{"@id":"https:\/\/trimaransvrlazartigue.com\/#organization"},"image":{"@id":"https:\/\/trimaransvrlazartigue.com\/record-de-la-mediterranee-pour-le-trimaran-svr-lazartigue-et-francois-gabart\/#primaryimage"},"thumbnailUrl":"https:\/\/trimaransvrlazartigue.com\/wp-content\/uploads\/2022\/10\/record.jpeg","inLanguage":"en-US","potentialAction":[{"@type":"CommentAction","name":"Comment","target":["https:\/\/trimaransvrlazartigue.com\/record-de-la-mediterranee-pour-le-trimaran-svr-lazartigue-et-francois-gabart\/#respond"]}]},{"@type":"WebPage","@id":"https:\/\/trimaransvrlazartigue.com\/record-de-la-mediterranee-pour-le-trimaran-svr-lazartigue-et-francois-gabart\/","url":"https:\/\/trimaransvrlazartigue.com\/record-de-la-mediterranee-pour-le-trimaran-svr-lazartigue-et-francois-gabart\/","name":"RECORD\u00a0DE LA M\u00c9DITERRAN\u00c9E POUR LE TRIMARAN SVR LAZARTIGUE ET\u00a0FRAN\u00c7OIS GABART - Trimaran SVR Lazartigue","isPartOf":{"@id":"https:\/\/trimaransvrlazartigue.com\/#website"},"primaryImageOfPage":{"@id":"https:\/\/trimaransvrlazartigue.com\/record-de-la-mediterranee-pour-le-trimaran-svr-lazartigue-et-francois-gabart\/#primaryimage"},"image":{"@id":"https:\/\/trimaransvrlazartigue.com\/record-de-la-mediterranee-pour-le-trimaran-svr-lazartigue-et-francois-gabart\/#primaryimage"},"thumbnailUrl":"https:\/\/trimaransvrlazartigue.com\/wp-content\/uploads\/2022\/10\/record.jpeg","datePublished":"2022-10-03T14:56:58+00:00","dateModified":"2022-10-04T11:12:56+00:00","breadcrumb":{"@id":"https:\/\/trimaransvrlazartigue.com\/record-de-la-mediterranee-pour-le-trimaran-svr-lazartigue-et-francois-gabart\/#breadcrumb"},"inLanguage":"en-US","potentialAction":[{"@type":"ReadAction","target":["https:\/\/trimaransvrlazartigue.com\/record-de-la-mediterranee-pour-le-trimaran-svr-lazartigue-et-francois-gabart\/"]}]},{"@type":"ImageObject","inLanguage":"en-US","@id":"https:\/\/trimaransvrlazartigue.com\/record-de-la-mediterranee-pour-le-trimaran-svr-lazartigue-et-francois-gabart\/#primaryimage","url":"https:\/\/trimaransvrlazartigue.com\/wp-content\/uploads\/2022\/10\/record.jpeg","contentUrl":"https:\/\/trimaransvrlazartigue.com\/wp-content\/uploads\/2022\/10\/record.jpeg","width":1024,"height":576},{"@type":"BreadcrumbList","@id":"https:\/\/trimaransvrlazartigue.com\/record-de-la-mediterranee-pour-le-trimaran-svr-lazartigue-et-francois-gabart\/#breadcrumb","itemListElement":[{"@type":"ListItem","position":1,"name":"Accueil","item":"https:\/\/trimaransvrlazartigue.com\/"},{"@type":"ListItem","position":2,"name":"RECORD\u00a0DE LA M\u00c9DITERRAN\u00c9E POUR LE TRIMARAN SVR LAZARTIGUE ET\u00a0FRAN\u00c7OIS GABART"}]},{"@type":"WebSite","@id":"https:\/\/trimaransvrlazartigue.com\/#website","url":"https:\/\/trimaransvrlazartigue.com\/","name":"Trimaran SVR Lazartigue","description":"Discover the Trimaran website of the Kresk Group.","publisher":{"@id":"https:\/\/trimaransvrlazartigue.com\/#organization"},"potentialAction":[{"@type":"SearchAction","target":{"@type":"EntryPoint","urlTemplate":"https:\/\/trimaransvrlazartigue.com\/?s={search_term_string}"},"query-input":{"@type":"PropertyValueSpecification","valueRequired":true,"valueName":"search_term_string"}}],"inLanguage":"en-US"},{"@type":"Organization","@id":"https:\/\/trimaransvrlazartigue.com\/#organization","name":"Trimaran SVR Lazartigue","url":"https:\/\/trimaransvrlazartigue.com\/","logo":{"@type":"ImageObject","inLanguage":"en-US","@id":"https:\/\/trimaransvrlazartigue.com\/#\/schema\/logo\/image\/","url":"https:\/\/trimaransvrlazartigue.com\/wp-content\/uploads\/2021\/10\/Logo-2-Trimaran-SVR-Lazartigue-blanc.svg","contentUrl":"https:\/\/trimaransvrlazartigue.com\/wp-content\/uploads\/2021\/10\/Logo-2-Trimaran-SVR-Lazartigue-blanc.svg","width":120,"height":62,"caption":"Trimaran SVR Lazartigue"},"image":{"@id":"https:\/\/trimaransvrlazartigue.com\/#\/schema\/logo\/image\/"}},{"@type":"Person","@id":"https:\/\/trimaransvrlazartigue.com\/#\/schema\/person\/e4e378d151245f15357f0335dbef8ed2","name":"Hovington Mylene","image":{"@type":"ImageObject","inLanguage":"en-US","@id":"https:\/\/secure.gravatar.com\/avatar\/849c69b921dbaa8d645f4acbacf5de305a18d855a3ae2b75c8b973c47dbb8de3?s=96&d=mm&r=g","url":"https:\/\/secure.gravatar.com\/avatar\/849c69b921dbaa8d645f4acbacf5de305a18d855a3ae2b75c8b973c47dbb8de3?s=96&d=mm&r=g","contentUrl":"https:\/\/secure.gravatar.com\/avatar\/849c69b921dbaa8d645f4acbacf5de305a18d855a3ae2b75c8b973c47dbb8de3?s=96&d=mm&r=g","caption":"Hovington Mylene"},"url":"https:\/\/trimaransvrlazartigue.com\/en\/author\/mylenehovingtonmerconcept-com\/"}]}},"_links":{"self":[{"href":"https:\/\/trimaransvrlazartigue.com\/en\/wp-json\/wp\/v2\/posts\/9121","targetHints":{"allow":["GET"]}}],"collection":[{"href":"https:\/\/trimaransvrlazartigue.com\/en\/wp-json\/wp\/v2\/posts"}],"about":[{"href":"https:\/\/trimaransvrlazartigue.com\/en\/wp-json\/wp\/v2\/types\/post"}],"author":[{"embeddable":true,"href":"https:\/\/trimaransvrlazartigue.com\/en\/wp-json\/wp\/v2\/users\/30"}],"replies":[{"embeddable":true,"href":"https:\/\/trimaransvrlazartigue.com\/en\/wp-json\/wp\/v2\/comments?post=9121"}],"version-history":[{"count":3,"href":"https:\/\/trimaransvrlazartigue.com\/en\/wp-json\/wp\/v2\/posts\/9121\/revisions"}],"predecessor-version":[{"id":9126,"href":"https:\/\/trimaransvrlazartigue.com\/en\/wp-json\/wp\/v2\/posts\/9121\/revisions\/9126"}],"wp:featuredmedia":[{"embeddable":true,"href":"https:\/\/trimaransvrlazartigue.com\/en\/wp-json\/wp\/v2\/media\/9122"}],"wp:attachment":[{"href":"https:\/\/trimaransvrlazartigue.com\/en\/wp-json\/wp\/v2\/media?parent=9121"}],"wp:term":[{"taxonomy":"category","embeddable":true,"href":"https:\/\/trimaransvrlazartigue.com\/en\/wp-json\/wp\/v2\/categories?post=9121"},{"taxonomy":"post_tag","embeddable":true,"href":"https:\/\/trimaransvrlazartigue.com\/en\/wp-json\/wp\/v2\/tags?post=9121"}],"curies":[{"name":"wp","href":"https:\/\/api.w.org\/{rel}","templated":true}]}}