{"id":8868,"date":"2022-05-06T07:42:33","date_gmt":"2022-05-06T07:42:33","guid":{"rendered":"https:\/\/trimaransvrlazartigue.com\/?p=8868"},"modified":"2022-05-06T07:42:35","modified_gmt":"2022-05-06T07:42:35","slug":"le-trimaran-svr-lazartigue-part-en-tournee-rp","status":"publish","type":"post","link":"https:\/\/trimaransvrlazartigue.com\/en\/le-trimaran-svr-lazartigue-part-en-tournee-rp\/","title":{"rendered":"Le trimaran SVR-LAZARTIGUE part en tourn\u00e9e rp"},"content":{"rendered":"<h2>Le trimaran svr-lazartigue part en tourn\u00e9e rp autour de la m\u00e9diterran\u00e9e\u00a0<\/h2>\n<p>Au mois de mai, le trimaran part en tourn\u00e9e autour de la M\u00e9diterran\u00e9e \u00e0 la rencontre du groupe KRESK et de ses collaborateurs : une formidable opportunite\u0301 de partager la vision du groupe et de porter ses valeurs environnementales et socie\u0301tales aupre\u0300s de l\u2019ensemble des collaborateurs via un projet sportif et d&rsquo;aventure f\u00e9d\u00e9rateur.<br \/><br \/>\u201c Cette tourne\u0301e est riche de sens. Elle a pour but de faire de\u0301couvrir notre Trimaran SVR-LAZARTIGUE a\u0300 nos collaborateurs dans ces diffe\u0301rents pays me\u0301diterrane\u0301ens. Ce bateau, c\u2019est beaucoup de fierte\u0301. Il porte haut les valeurs de nos marques, et cette aventure maritime avec\u00a0<a class=\"notranslate\" tabindex=\"0\" href=\"https:\/\/www.instagram.com\/Franc\/\">@Franc<\/a>\u0327ois gabart nous permet d\u2019aller plus loin dans nos engagements environnementaux. Ces e\u0301tapes seront l\u2019occasion d\u2019e\u0301changer, de partager et d\u2019expliquer notre de\u0301marche et nos actions. \u00bb -Didier Tabary, Pre\u0301sident du Groupe KRESK<\/p>\n<p>Un enthousiasme partag\u00e9 par Fran\u00e7ois Gabart.\u00a0\u00ab\u00a0C\u2019est la premi\u00e8re fois que je travaille avec un groupe international et je suis ravi d\u2019aller\u00a0rendre visite aux\u00a0filiales \u00e9trang\u00e8res\u00a0du Groupe\u00a0KRESK, explique-t-il.\u00a0Le Trimaran SVR-Lazartigue\u00a0appartient au groupe KRESK et donc \u00e0 tous ses collaborateurs\u00a0;\u00a0c\u2019est super int\u00e9ressant d\u2019aller \u00e0 leur rencontre.\u00a0Avec mon \u00e9quipe, nous sommes les concepteurs, les d\u00e9veloppeurs, ceux qui essayent de le faire progresser et de performer\u00a0dans le but d\u2019aller chercher de\u00a0belles victoires dans les ann\u00e9es \u00e0 venir. Nous y mettons beaucoup d\u2019\u00e9nergie et d\u2019affectif.\u00a0Un peu moins d\u2019un an apr\u00e8s sa mise \u00e0 l\u2019eau,\u00a0nous sommes tr\u00e8s fiers du bateau\u00a0et du travail accompli. C\u2019est\u00a0maintenant\u00a0g\u00e9nial de le faire d\u00e9couvrir au plus grand nombre et d\u2019emmener naviguer un maximum de personnes. Cette tourn\u00e9e en M\u00e9diterran\u00e9e est tr\u00e8s importante. On sent qu\u2019il y a un gros impact car ce sont des pays o\u00f9 on ne voit pas des\u00a0trimarans volants\u00a0tous les jours. Cela provoque forc\u00e9ment un \u00e9merveillement et cela rend cette tourn\u00e9e tr\u00e8s festive et exceptionnelle.\u00a0\u00bb<\/p>\n<p>\u00a0<\/p>\n\n\n<p><\/p>","protected":false},"excerpt":{"rendered":"<p>Le trimaran svr-lazartigue part en tourn\u00e9e rp autour de la m\u00e9diterran\u00e9e\u00a0 Au mois de mai, le trimaran part en tourn\u00e9e autour de la M\u00e9diterran\u00e9e \u00e0 la rencontre du groupe KRESK et de ses collaborateurs : une formidable opportunite\u0301 de partager la vision du groupe et de porter ses valeurs environnementales et socie\u0301tales aupre\u0300s de l\u2019ensemble [&hellip;]<\/p>\n","protected":false},"author":30,"featured_media":8869,"comment_status":"closed","ping_status":"closed","sticky":false,"template":"","format":"standard","meta":{"_acf_changed":false,"inline_featured_image":false,"footnotes":""},"categories":[1],"tags":[],"class_list":["post-8868","post","type-post","status-publish","format-standard","has-post-thumbnail","hentry","category-uncategorized"],"acf":[],"yoast_head":"<!-- This site is optimized with the Yoast SEO plugin v27.5 - https:\/\/yoast.com\/product\/yoast-seo-wordpress\/ -->\n<title>Le trimaran SVR-LAZARTIGUE part en tourn\u00e9e rp - Trimaran SVR Lazartigue<\/title>\n<meta name=\"robots\" content=\"index, follow, max-snippet:-1, max-image-preview:large, max-video-preview:-1\" \/>\n<link rel=\"canonical\" href=\"https:\/\/trimaransvrlazartigue.com\/en\/le-trimaran-svr-lazartigue-part-en-tournee-rp\/\" \/>\n<meta property=\"og:locale\" content=\"en_US\" \/>\n<meta property=\"og:type\" content=\"article\" \/>\n<meta property=\"og:title\" content=\"Le trimaran SVR-LAZARTIGUE part en tourn\u00e9e rp - Trimaran SVR Lazartigue\" \/>\n<meta property=\"og:description\" content=\"Le trimaran svr-lazartigue part en tourn\u00e9e rp autour de la m\u00e9diterran\u00e9e\u00a0 Au mois de mai, le trimaran part en tourn\u00e9e autour de la M\u00e9diterran\u00e9e \u00e0 la rencontre du groupe KRESK et de ses collaborateurs : une formidable opportunite\u0301 de partager la vision du groupe et de porter ses valeurs environnementales et socie\u0301tales aupre\u0300s de l\u2019ensemble [&hellip;]\" \/>\n<meta property=\"og:url\" content=\"https:\/\/trimaransvrlazartigue.com\/en\/le-trimaran-svr-lazartigue-part-en-tournee-rp\/\" \/>\n<meta property=\"og:site_name\" content=\"Trimaran SVR Lazartigue\" \/>\n<meta property=\"article:published_time\" content=\"2022-05-06T07:42:33+00:00\" \/>\n<meta property=\"article:modified_time\" content=\"2022-05-06T07:42:35+00:00\" \/>\n<meta property=\"og:image\" content=\"https:\/\/trimaransvrlazartigue.com\/wp-content\/uploads\/2022\/05\/WhatsApp-Image-2021-11-09-at-09.20.26.jpeg\" \/>\n\t<meta property=\"og:image:width\" content=\"1600\" \/>\n\t<meta property=\"og:image:height\" content=\"1065\" \/>\n\t<meta property=\"og:image:type\" content=\"image\/jpeg\" \/>\n<meta name=\"author\" content=\"Hovington Mylene\" \/>\n<meta name=\"twitter:card\" content=\"summary_large_image\" \/>\n<meta name=\"twitter:label1\" content=\"Written by\" \/>\n\t<meta name=\"twitter:data1\" content=\"Hovington Mylene\" \/>\n\t<meta name=\"twitter:label2\" content=\"Est. reading time\" \/>\n\t<meta name=\"twitter:data2\" content=\"2 minutes\" \/>\n<script type=\"application\/ld+json\" class=\"yoast-schema-graph\">{\"@context\":\"https:\\\/\\\/schema.org\",\"@graph\":[{\"@type\":\"Article\",\"@id\":\"https:\\\/\\\/trimaransvrlazartigue.com\\\/le-trimaran-svr-lazartigue-part-en-tournee-rp\\\/#article\",\"isPartOf\":{\"@id\":\"https:\\\/\\\/trimaransvrlazartigue.com\\\/le-trimaran-svr-lazartigue-part-en-tournee-rp\\\/\"},\"author\":{\"name\":\"Hovington Mylene\",\"@id\":\"https:\\\/\\\/trimaransvrlazartigue.com\\\/#\\\/schema\\\/person\\\/e4e378d151245f15357f0335dbef8ed2\"},\"headline\":\"Le trimaran SVR-LAZARTIGUE part en tourn\u00e9e rp\",\"datePublished\":\"2022-05-06T07:42:33+00:00\",\"dateModified\":\"2022-05-06T07:42:35+00:00\",\"mainEntityOfPage\":{\"@id\":\"https:\\\/\\\/trimaransvrlazartigue.com\\\/le-trimaran-svr-lazartigue-part-en-tournee-rp\\\/\"},\"wordCount\":369,\"publisher\":{\"@id\":\"https:\\\/\\\/trimaransvrlazartigue.com\\\/#organization\"},\"image\":{\"@id\":\"https:\\\/\\\/trimaransvrlazartigue.com\\\/le-trimaran-svr-lazartigue-part-en-tournee-rp\\\/#primaryimage\"},\"thumbnailUrl\":\"https:\\\/\\\/trimaransvrlazartigue.com\\\/wp-content\\\/uploads\\\/2022\\\/05\\\/WhatsApp-Image-2021-11-09-at-09.20.26.jpeg\",\"inLanguage\":\"en-US\"},{\"@type\":\"WebPage\",\"@id\":\"https:\\\/\\\/trimaransvrlazartigue.com\\\/le-trimaran-svr-lazartigue-part-en-tournee-rp\\\/\",\"url\":\"https:\\\/\\\/trimaransvrlazartigue.com\\\/le-trimaran-svr-lazartigue-part-en-tournee-rp\\\/\",\"name\":\"Le trimaran SVR-LAZARTIGUE part en tourn\u00e9e rp - Trimaran SVR Lazartigue\",\"isPartOf\":{\"@id\":\"https:\\\/\\\/trimaransvrlazartigue.com\\\/#website\"},\"primaryImageOfPage\":{\"@id\":\"https:\\\/\\\/trimaransvrlazartigue.com\\\/le-trimaran-svr-lazartigue-part-en-tournee-rp\\\/#primaryimage\"},\"image\":{\"@id\":\"https:\\\/\\\/trimaransvrlazartigue.com\\\/le-trimaran-svr-lazartigue-part-en-tournee-rp\\\/#primaryimage\"},\"thumbnailUrl\":\"https:\\\/\\\/trimaransvrlazartigue.com\\\/wp-content\\\/uploads\\\/2022\\\/05\\\/WhatsApp-Image-2021-11-09-at-09.20.26.jpeg\",\"datePublished\":\"2022-05-06T07:42:33+00:00\",\"dateModified\":\"2022-05-06T07:42:35+00:00\",\"breadcrumb\":{\"@id\":\"https:\\\/\\\/trimaransvrlazartigue.com\\\/le-trimaran-svr-lazartigue-part-en-tournee-rp\\\/#breadcrumb\"},\"inLanguage\":\"en-US\",\"potentialAction\":[{\"@type\":\"ReadAction\",\"target\":[\"https:\\\/\\\/trimaransvrlazartigue.com\\\/le-trimaran-svr-lazartigue-part-en-tournee-rp\\\/\"]}]},{\"@type\":\"ImageObject\",\"inLanguage\":\"en-US\",\"@id\":\"https:\\\/\\\/trimaransvrlazartigue.com\\\/le-trimaran-svr-lazartigue-part-en-tournee-rp\\\/#primaryimage\",\"url\":\"https:\\\/\\\/trimaransvrlazartigue.com\\\/wp-content\\\/uploads\\\/2022\\\/05\\\/WhatsApp-Image-2021-11-09-at-09.20.26.jpeg\",\"contentUrl\":\"https:\\\/\\\/trimaransvrlazartigue.com\\\/wp-content\\\/uploads\\\/2022\\\/05\\\/WhatsApp-Image-2021-11-09-at-09.20.26.jpeg\",\"width\":1600,\"height\":1065},{\"@type\":\"BreadcrumbList\",\"@id\":\"https:\\\/\\\/trimaransvrlazartigue.com\\\/le-trimaran-svr-lazartigue-part-en-tournee-rp\\\/#breadcrumb\",\"itemListElement\":[{\"@type\":\"ListItem\",\"position\":1,\"name\":\"Accueil\",\"item\":\"https:\\\/\\\/trimaransvrlazartigue.com\\\/\"},{\"@type\":\"ListItem\",\"position\":2,\"name\":\"Le trimaran SVR-LAZARTIGUE part en tourn\u00e9e rp\"}]},{\"@type\":\"WebSite\",\"@id\":\"https:\\\/\\\/trimaransvrlazartigue.com\\\/#website\",\"url\":\"https:\\\/\\\/trimaransvrlazartigue.com\\\/\",\"name\":\"Trimaran SVR Lazartigue\",\"description\":\"D\u00e9couvrez le site du Trimaran du groupe Kresk.\",\"publisher\":{\"@id\":\"https:\\\/\\\/trimaransvrlazartigue.com\\\/#organization\"},\"potentialAction\":[{\"@type\":\"SearchAction\",\"target\":{\"@type\":\"EntryPoint\",\"urlTemplate\":\"https:\\\/\\\/trimaransvrlazartigue.com\\\/?s={search_term_string}\"},\"query-input\":{\"@type\":\"PropertyValueSpecification\",\"valueRequired\":true,\"valueName\":\"search_term_string\"}}],\"inLanguage\":\"en-US\"},{\"@type\":\"Organization\",\"@id\":\"https:\\\/\\\/trimaransvrlazartigue.com\\\/#organization\",\"name\":\"Trimaran SVR Lazartigue\",\"url\":\"https:\\\/\\\/trimaransvrlazartigue.com\\\/\",\"logo\":{\"@type\":\"ImageObject\",\"inLanguage\":\"en-US\",\"@id\":\"https:\\\/\\\/trimaransvrlazartigue.com\\\/#\\\/schema\\\/logo\\\/image\\\/\",\"url\":\"https:\\\/\\\/trimaransvrlazartigue.com\\\/wp-content\\\/uploads\\\/2021\\\/10\\\/Logo-2-Trimaran-SVR-Lazartigue-blanc.svg\",\"contentUrl\":\"https:\\\/\\\/trimaransvrlazartigue.com\\\/wp-content\\\/uploads\\\/2021\\\/10\\\/Logo-2-Trimaran-SVR-Lazartigue-blanc.svg\",\"width\":120,\"height\":62,\"caption\":\"Trimaran SVR Lazartigue\"},\"image\":{\"@id\":\"https:\\\/\\\/trimaransvrlazartigue.com\\\/#\\\/schema\\\/logo\\\/image\\\/\"}},{\"@type\":\"Person\",\"@id\":\"https:\\\/\\\/trimaransvrlazartigue.com\\\/#\\\/schema\\\/person\\\/e4e378d151245f15357f0335dbef8ed2\",\"name\":\"Hovington Mylene\",\"image\":{\"@type\":\"ImageObject\",\"inLanguage\":\"en-US\",\"@id\":\"https:\\\/\\\/secure.gravatar.com\\\/avatar\\\/849c69b921dbaa8d645f4acbacf5de305a18d855a3ae2b75c8b973c47dbb8de3?s=96&d=mm&r=g\",\"url\":\"https:\\\/\\\/secure.gravatar.com\\\/avatar\\\/849c69b921dbaa8d645f4acbacf5de305a18d855a3ae2b75c8b973c47dbb8de3?s=96&d=mm&r=g\",\"contentUrl\":\"https:\\\/\\\/secure.gravatar.com\\\/avatar\\\/849c69b921dbaa8d645f4acbacf5de305a18d855a3ae2b75c8b973c47dbb8de3?s=96&d=mm&r=g\",\"caption\":\"Hovington Mylene\"},\"url\":\"https:\\\/\\\/trimaransvrlazartigue.com\\\/en\\\/author\\\/mylenehovingtonmerconcept-com\\\/\"}]}<\/script>\n<!-- \/ Yoast SEO plugin. -->","yoast_head_json":{"title":"Le trimaran SVR-LAZARTIGUE part en tourn\u00e9e rp - Trimaran SVR Lazartigue","robots":{"index":"index","follow":"follow","max-snippet":"max-snippet:-1","max-image-preview":"max-image-preview:large","max-video-preview":"max-video-preview:-1"},"canonical":"https:\/\/trimaransvrlazartigue.com\/en\/le-trimaran-svr-lazartigue-part-en-tournee-rp\/","og_locale":"en_US","og_type":"article","og_title":"Le trimaran SVR-LAZARTIGUE part en tourn\u00e9e rp - Trimaran SVR Lazartigue","og_description":"Le trimaran svr-lazartigue part en tourn\u00e9e rp autour de la m\u00e9diterran\u00e9e\u00a0 Au mois de mai, le trimaran part en tourn\u00e9e autour de la M\u00e9diterran\u00e9e \u00e0 la rencontre du groupe KRESK et de ses collaborateurs : une formidable opportunite\u0301 de partager la vision du groupe et de porter ses valeurs environnementales et socie\u0301tales aupre\u0300s de l\u2019ensemble [&hellip;]","og_url":"https:\/\/trimaransvrlazartigue.com\/en\/le-trimaran-svr-lazartigue-part-en-tournee-rp\/","og_site_name":"Trimaran SVR Lazartigue","article_published_time":"2022-05-06T07:42:33+00:00","article_modified_time":"2022-05-06T07:42:35+00:00","og_image":[{"width":1600,"height":1065,"url":"https:\/\/trimaransvrlazartigue.com\/wp-content\/uploads\/2022\/05\/WhatsApp-Image-2021-11-09-at-09.20.26.jpeg","type":"image\/jpeg"}],"author":"Hovington Mylene","twitter_card":"summary_large_image","twitter_misc":{"Written by":"Hovington Mylene","Est. reading time":"2 minutes"},"schema":{"@context":"https:\/\/schema.org","@graph":[{"@type":"Article","@id":"https:\/\/trimaransvrlazartigue.com\/le-trimaran-svr-lazartigue-part-en-tournee-rp\/#article","isPartOf":{"@id":"https:\/\/trimaransvrlazartigue.com\/le-trimaran-svr-lazartigue-part-en-tournee-rp\/"},"author":{"name":"Hovington Mylene","@id":"https:\/\/trimaransvrlazartigue.com\/#\/schema\/person\/e4e378d151245f15357f0335dbef8ed2"},"headline":"Le trimaran SVR-LAZARTIGUE part en tourn\u00e9e rp","datePublished":"2022-05-06T07:42:33+00:00","dateModified":"2022-05-06T07:42:35+00:00","mainEntityOfPage":{"@id":"https:\/\/trimaransvrlazartigue.com\/le-trimaran-svr-lazartigue-part-en-tournee-rp\/"},"wordCount":369,"publisher":{"@id":"https:\/\/trimaransvrlazartigue.com\/#organization"},"image":{"@id":"https:\/\/trimaransvrlazartigue.com\/le-trimaran-svr-lazartigue-part-en-tournee-rp\/#primaryimage"},"thumbnailUrl":"https:\/\/trimaransvrlazartigue.com\/wp-content\/uploads\/2022\/05\/WhatsApp-Image-2021-11-09-at-09.20.26.jpeg","inLanguage":"en-US"},{"@type":"WebPage","@id":"https:\/\/trimaransvrlazartigue.com\/le-trimaran-svr-lazartigue-part-en-tournee-rp\/","url":"https:\/\/trimaransvrlazartigue.com\/le-trimaran-svr-lazartigue-part-en-tournee-rp\/","name":"Le trimaran SVR-LAZARTIGUE part en tourn\u00e9e rp - Trimaran SVR Lazartigue","isPartOf":{"@id":"https:\/\/trimaransvrlazartigue.com\/#website"},"primaryImageOfPage":{"@id":"https:\/\/trimaransvrlazartigue.com\/le-trimaran-svr-lazartigue-part-en-tournee-rp\/#primaryimage"},"image":{"@id":"https:\/\/trimaransvrlazartigue.com\/le-trimaran-svr-lazartigue-part-en-tournee-rp\/#primaryimage"},"thumbnailUrl":"https:\/\/trimaransvrlazartigue.com\/wp-content\/uploads\/2022\/05\/WhatsApp-Image-2021-11-09-at-09.20.26.jpeg","datePublished":"2022-05-06T07:42:33+00:00","dateModified":"2022-05-06T07:42:35+00:00","breadcrumb":{"@id":"https:\/\/trimaransvrlazartigue.com\/le-trimaran-svr-lazartigue-part-en-tournee-rp\/#breadcrumb"},"inLanguage":"en-US","potentialAction":[{"@type":"ReadAction","target":["https:\/\/trimaransvrlazartigue.com\/le-trimaran-svr-lazartigue-part-en-tournee-rp\/"]}]},{"@type":"ImageObject","inLanguage":"en-US","@id":"https:\/\/trimaransvrlazartigue.com\/le-trimaran-svr-lazartigue-part-en-tournee-rp\/#primaryimage","url":"https:\/\/trimaransvrlazartigue.com\/wp-content\/uploads\/2022\/05\/WhatsApp-Image-2021-11-09-at-09.20.26.jpeg","contentUrl":"https:\/\/trimaransvrlazartigue.com\/wp-content\/uploads\/2022\/05\/WhatsApp-Image-2021-11-09-at-09.20.26.jpeg","width":1600,"height":1065},{"@type":"BreadcrumbList","@id":"https:\/\/trimaransvrlazartigue.com\/le-trimaran-svr-lazartigue-part-en-tournee-rp\/#breadcrumb","itemListElement":[{"@type":"ListItem","position":1,"name":"Accueil","item":"https:\/\/trimaransvrlazartigue.com\/"},{"@type":"ListItem","position":2,"name":"Le trimaran SVR-LAZARTIGUE part en tourn\u00e9e rp"}]},{"@type":"WebSite","@id":"https:\/\/trimaransvrlazartigue.com\/#website","url":"https:\/\/trimaransvrlazartigue.com\/","name":"Trimaran SVR Lazartigue","description":"Discover the Trimaran website of the Kresk Group.","publisher":{"@id":"https:\/\/trimaransvrlazartigue.com\/#organization"},"potentialAction":[{"@type":"SearchAction","target":{"@type":"EntryPoint","urlTemplate":"https:\/\/trimaransvrlazartigue.com\/?s={search_term_string}"},"query-input":{"@type":"PropertyValueSpecification","valueRequired":true,"valueName":"search_term_string"}}],"inLanguage":"en-US"},{"@type":"Organization","@id":"https:\/\/trimaransvrlazartigue.com\/#organization","name":"Trimaran SVR Lazartigue","url":"https:\/\/trimaransvrlazartigue.com\/","logo":{"@type":"ImageObject","inLanguage":"en-US","@id":"https:\/\/trimaransvrlazartigue.com\/#\/schema\/logo\/image\/","url":"https:\/\/trimaransvrlazartigue.com\/wp-content\/uploads\/2021\/10\/Logo-2-Trimaran-SVR-Lazartigue-blanc.svg","contentUrl":"https:\/\/trimaransvrlazartigue.com\/wp-content\/uploads\/2021\/10\/Logo-2-Trimaran-SVR-Lazartigue-blanc.svg","width":120,"height":62,"caption":"Trimaran SVR Lazartigue"},"image":{"@id":"https:\/\/trimaransvrlazartigue.com\/#\/schema\/logo\/image\/"}},{"@type":"Person","@id":"https:\/\/trimaransvrlazartigue.com\/#\/schema\/person\/e4e378d151245f15357f0335dbef8ed2","name":"Hovington Mylene","image":{"@type":"ImageObject","inLanguage":"en-US","@id":"https:\/\/secure.gravatar.com\/avatar\/849c69b921dbaa8d645f4acbacf5de305a18d855a3ae2b75c8b973c47dbb8de3?s=96&d=mm&r=g","url":"https:\/\/secure.gravatar.com\/avatar\/849c69b921dbaa8d645f4acbacf5de305a18d855a3ae2b75c8b973c47dbb8de3?s=96&d=mm&r=g","contentUrl":"https:\/\/secure.gravatar.com\/avatar\/849c69b921dbaa8d645f4acbacf5de305a18d855a3ae2b75c8b973c47dbb8de3?s=96&d=mm&r=g","caption":"Hovington Mylene"},"url":"https:\/\/trimaransvrlazartigue.com\/en\/author\/mylenehovingtonmerconcept-com\/"}]}},"_links":{"self":[{"href":"https:\/\/trimaransvrlazartigue.com\/en\/wp-json\/wp\/v2\/posts\/8868","targetHints":{"allow":["GET"]}}],"collection":[{"href":"https:\/\/trimaransvrlazartigue.com\/en\/wp-json\/wp\/v2\/posts"}],"about":[{"href":"https:\/\/trimaransvrlazartigue.com\/en\/wp-json\/wp\/v2\/types\/post"}],"author":[{"embeddable":true,"href":"https:\/\/trimaransvrlazartigue.com\/en\/wp-json\/wp\/v2\/users\/30"}],"replies":[{"embeddable":true,"href":"https:\/\/trimaransvrlazartigue.com\/en\/wp-json\/wp\/v2\/comments?post=8868"}],"version-history":[{"count":1,"href":"https:\/\/trimaransvrlazartigue.com\/en\/wp-json\/wp\/v2\/posts\/8868\/revisions"}],"predecessor-version":[{"id":8870,"href":"https:\/\/trimaransvrlazartigue.com\/en\/wp-json\/wp\/v2\/posts\/8868\/revisions\/8870"}],"wp:featuredmedia":[{"embeddable":true,"href":"https:\/\/trimaransvrlazartigue.com\/en\/wp-json\/wp\/v2\/media\/8869"}],"wp:attachment":[{"href":"https:\/\/trimaransvrlazartigue.com\/en\/wp-json\/wp\/v2\/media?parent=8868"}],"wp:term":[{"taxonomy":"category","embeddable":true,"href":"https:\/\/trimaransvrlazartigue.com\/en\/wp-json\/wp\/v2\/categories?post=8868"},{"taxonomy":"post_tag","embeddable":true,"href":"https:\/\/trimaransvrlazartigue.com\/en\/wp-json\/wp\/v2\/tags?post=8868"}],"curies":[{"name":"wp","href":"https:\/\/api.w.org\/{rel}","templated":true}]}}